{"id":1985,"date":"2022-03-04T21:10:30","date_gmt":"2022-03-04T21:10:30","guid":{"rendered":"https:\/\/www.medienbetrieb-voelker.de\/?p=1985"},"modified":"2022-04-25T05:12:54","modified_gmt":"2022-04-25T05:12:54","slug":"neue-oeffnungszeiten","status":"publish","type":"post","link":"https:\/\/www.medienbetrieb-voelker.de\/?p=1985","title":{"rendered":"Neue \u00d6ffnungszeiten"},"content":{"rendered":"\n<p><strong>Achtung! Ab dem 14.3.2022 haben wir neue \u00d6ffnungszeiten.<\/strong><\/p>\n\n\n\n<p>Anstatt des Samstages haben wir ab dem 14.3. jetzt Freitags von 13:00 bis 18:00 Uhr ge\u00f6ffentlich. <strong>Die neuen \u00d6ffnungszeiten sind dann:<\/strong><\/p>\n\n\n\n<hr class=\"wp-block-separator\"\/>\n\n\n\n<ul><li><strong>Dienstag 13:00 &#8211; 19:00 Uhr<\/strong><\/li><li><strong>Donnerstag 13:00 &#8211; 19:00 Uhr<\/strong><\/li><li><strong>Freitag 13:00 &#8211; 18:00 Uhr<\/strong><\/li><\/ul>\n\n\n\n<hr class=\"wp-block-separator\"\/>\n\n\n\n<p>Wir bitten um Verst\u00e4ndis. Die telefonischen Erreichbarkeitszeiten sowie die M\u00f6glichkeit, am Samstag einen Termin, zu bekommen bleiben hier von unber\u00fchrt. <\/p>\n\n\n\n<p><strong>Telefonische Sprechzeiten:<\/strong><\/p>\n\n\n\n<p>Montags-Freitags:<br>11:30 \u2013 19:00 Uhr<\/p>\n\n\n\n<p>Samstags:<br>13:00 \u2013 16:00 Uhr<\/p>\n","protected":false},"excerpt":{"rendered":"<p>Achtung! Ab dem 14.3.2022 haben wir neue \u00d6ffnungszeiten. Anstatt des Samstages haben wir ab dem 14.3. jetzt Freitags von 13:00 bis 18:00 Uhr ge\u00f6ffentlich. Die neuen \u00d6ffnungszeiten sind dann: Dienstag 13:00 &#8211; 19:00 Uhr Donnerstag 13:00 &#8211; 19:00 Uhr Freitag 13:00 &#8211; 18:00 Uhr Wir bitten um Verst\u00e4ndis. Die telefonischen Erreichbarkeitszeiten sowie die M\u00f6glichkeit, am &#8230; <a title=\"Neue \u00d6ffnungszeiten\" class=\"read-more\" href=\"https:\/\/www.medienbetrieb-voelker.de\/?p=1985\" aria-label=\"Mehr dazu unter Neue \u00d6ffnungszeiten\">Weiterlesen<\/a><\/p>\n","protected":false},"author":1,"featured_media":1988,"comment_status":"closed","ping_status":"closed","sticky":false,"template":"elementor_theme","format":"standard","meta":{"ngg_post_thumbnail":0},"categories":[153],"tags":[175],"_links":{"self":[{"href":"https:\/\/www.medienbetrieb-voelker.de\/index.php?rest_route=\/wp\/v2\/posts\/1985"}],"collection":[{"href":"https:\/\/www.medienbetrieb-voelker.de\/index.php?rest_route=\/wp\/v2\/posts"}],"about":[{"href":"https:\/\/www.medienbetrieb-voelker.de\/index.php?rest_route=\/wp\/v2\/types\/post"}],"author":[{"embeddable":true,"href":"https:\/\/www.medienbetrieb-voelker.de\/index.php?rest_route=\/wp\/v2\/users\/1"}],"replies":[{"embeddable":true,"href":"https:\/\/www.medienbetrieb-voelker.de\/index.php?rest_route=%2Fwp%2Fv2%2Fcomments&post=1985"}],"version-history":[{"count":1,"href":"https:\/\/www.medienbetrieb-voelker.de\/index.php?rest_route=\/wp\/v2\/posts\/1985\/revisions"}],"predecessor-version":[{"id":1989,"href":"https:\/\/www.medienbetrieb-voelker.de\/index.php?rest_route=\/wp\/v2\/posts\/1985\/revisions\/1989"}],"wp:featuredmedia":[{"embeddable":true,"href":"https:\/\/www.medienbetrieb-voelker.de\/index.php?rest_route=\/wp\/v2\/media\/1988"}],"wp:attachment":[{"href":"https:\/\/www.medienbetrieb-voelker.de\/index.php?rest_route=%2Fwp%2Fv2%2Fmedia&parent=1985"}],"wp:term":[{"taxonomy":"category","embeddable":true,"href":"https:\/\/www.medienbetrieb-voelker.de\/index.php?rest_route=%2Fwp%2Fv2%2Fcategories&post=1985"},{"taxonomy":"post_tag","embeddable":true,"href":"https:\/\/www.medienbetrieb-voelker.de\/index.php?rest_route=%2Fwp%2Fv2%2Ftags&post=1985"}],"curies":[{"name":"wp","href":"https:\/\/api.w.org\/{rel}","templated":true}]}}